{"id":9738,"date":"2026-04-07T16:11:27","date_gmt":"2026-04-07T14:11:27","guid":{"rendered":"https:\/\/cafesbatalla.com\/?p=9738"},"modified":"2026-04-09T10:47:49","modified_gmt":"2026-04-09T08:47:49","slug":"cafes-batalla-renouvelle-sa-collaboration-avec-forca-lleida-une-annee-de-plus","status":"publish","type":"post","link":"https:\/\/cafesbatalla.com\/fr\/cafes-batalla-renouvelle-sa-collaboration-avec-forca-lleida-une-annee-de-plus\/","title":{"rendered":"Caf\u00e9s Batalla renova, un an de plus, sa collaboration avec For\u00e7a Lleida"},"content":{"rendered":"<p data-start=\"220\" data-end=\"361\">\nA <strong data-start=\"222\" data-end=\"239\">Caf\u00e9s Batalla<\/strong> continuons \u00e0 parier sur l'engagement envers le territoire, le sport et les projets qui repr\u00e9sentent l'effort, la passion et l'identit\u00e9.<\/p>\n<p data-start=\"363\" data-end=\"571\">Pour cela, <strong data-start=\"373\" data-end=\"443\">comme chaque ann\u00e9e, nous avons renouvel\u00e9 notre collaboration avec For\u00e7a Lleida<\/strong>, r\u00e9affirmant ainsi notre soutien \u00e0 un club qui est devenu une r\u00e9f\u00e9rence sportive et sociale dans la ville et la r\u00e9gion.<\/p>\n<p data-start=\"573\" data-end=\"769\">L'acte de signature de l'accord a eu lieu aujourd'hui avec la participation de <strong data-start=\"650\" data-end=\"715\">M. Albert Aliaga, pr\u00e9sident du club de basket-ball For\u00e7a Lleida<\/strong>, et de <strong data-start=\"722\" data-end=\"766\">Ram\u00f3n Batalla, directeur de Caf\u00e9s Batalla<\/strong>.<\/p>\n<p data-start=\"771\" data-end=\"1088\">Cette r\u00e9novation symbolise la continuit\u00e9 d\u2019une relation bas\u00e9e sur la confiance, la proximit\u00e9 et la volont\u00e9 de continuer \u00e0 marcher ensemble. Depuis Caf\u00e9s Batalla, nous appr\u00e9cions particuli\u00e8rement de pouvoir faire partie de projets qui transmettent des valeurs telles que le travail d'\u00e9quipe, la constance, le d\u00e9passement de soi et l'ancrage territorial.<\/p>\n<p data-start=\"1090\" data-end=\"1330\">Pour nous, soutenir des initiatives comme celle de For\u00e7a Lleida est aussi une mani\u00e8re de contribuer au dynamisme social et sportif de notre r\u00e9gion, en accompagnant ceux qui, jour apr\u00e8s jour, travaillent pour grandir et faire grandir la communaut\u00e9.<\/p>\n<p data-start=\"1332\" data-end=\"1508\">Depuis <strong data-start=\"1339\" data-end=\"1356\">Caf\u00e9s Batalla<\/strong>, pour vous remercier <strong data-start=\"1373\" data-end=\"1389\">For\u00e7a Lleida<\/strong> la confiance que vous nous accordez une ann\u00e9e de plus, et nous vous souhaitons une saison pleine de succ\u00e8s, d'enthousiasme et de grands moments.<\/p>\n<p data-start=\"1510\" data-end=\"1537\"><strong data-start=\"1510\" data-end=\"1537\">Nous continuons \u00e0 avancer ensemble.<\/strong><\/p>","protected":false},"excerpt":{"rendered":"<p>A Caf\u00e9s Batalla continuem apostant pel comprom\u00eds amb el territori, l\u2019esport i els projectes que representen esfor\u00e7, passi\u00f3 i identitat. Per aix\u00f2, com cada any, hem renovat la nostra col\u00b7laboraci\u00f3 amb For\u00e7a Lleida, reafirmant aix\u00ed el nostre suport a un club que s\u2019ha convertit en tot un referent esportiu i social a la ciutat i [&hellip;]<\/p>","protected":false},"author":3,"featured_media":9739,"comment_status":"closed","ping_status":"closed","sticky":false,"template":"","format":"standard","meta":{"footnotes":""},"categories":[1],"tags":[102,397,57],"class_list":["post-9738","post","type-post","status-publish","format-standard","has-post-thumbnail","hentry","category-sin-categorizar","tag-forca-lleida","tag-patrocinis","tag-rsc"],"_links":{"self":[{"href":"https:\/\/cafesbatalla.com\/fr\/wp-json\/wp\/v2\/posts\/9738","targetHints":{"allow":["GET"]}}],"collection":[{"href":"https:\/\/cafesbatalla.com\/fr\/wp-json\/wp\/v2\/posts"}],"about":[{"href":"https:\/\/cafesbatalla.com\/fr\/wp-json\/wp\/v2\/types\/post"}],"author":[{"embeddable":true,"href":"https:\/\/cafesbatalla.com\/fr\/wp-json\/wp\/v2\/users\/3"}],"replies":[{"embeddable":true,"href":"https:\/\/cafesbatalla.com\/fr\/wp-json\/wp\/v2\/comments?post=9738"}],"version-history":[{"count":4,"href":"https:\/\/cafesbatalla.com\/fr\/wp-json\/wp\/v2\/posts\/9738\/revisions"}],"predecessor-version":[{"id":9744,"href":"https:\/\/cafesbatalla.com\/fr\/wp-json\/wp\/v2\/posts\/9738\/revisions\/9744"}],"wp:featuredmedia":[{"embeddable":true,"href":"https:\/\/cafesbatalla.com\/fr\/wp-json\/wp\/v2\/media\/9739"}],"wp:attachment":[{"href":"https:\/\/cafesbatalla.com\/fr\/wp-json\/wp\/v2\/media?parent=9738"}],"wp:term":[{"taxonomy":"category","embeddable":true,"href":"https:\/\/cafesbatalla.com\/fr\/wp-json\/wp\/v2\/categories?post=9738"},{"taxonomy":"post_tag","embeddable":true,"href":"https:\/\/cafesbatalla.com\/fr\/wp-json\/wp\/v2\/tags?post=9738"}],"curies":[{"name":"wp","href":"https:\/\/api.w.org\/{rel}","templated":true}]}}