{"id":9731,"date":"2026-03-20T13:45:38","date_gmt":"2026-03-20T12:45:38","guid":{"rendered":"https:\/\/cafesbatalla.com\/?p=9731"},"modified":"2026-04-09T10:48:12","modified_gmt":"2026-04-09T08:48:12","slug":"cafes-batalla-presente-a-alimentaria-2026-sa-nouvelle-gamme-de-cafes-de-specialite-port-moka","status":"publish","type":"post","link":"https:\/\/cafesbatalla.com\/fr\/cafes-batalla-presente-a-alimentaria-2026-sa-nouvelle-gamme-de-cafes-de-specialite-port-moka\/","title":{"rendered":"Caf\u00e9s Batalla pr\u00e9sente sa nouvelle gamme de caf\u00e9s sp\u00e9ciaux Port Moka \u00e0 Alimentaria 2026"},"content":{"rendered":"<p style=\"text-align: left;\">Caf\u00e9s Batalla participera \u00e0 la prochaine \u00e9dition d'Alimentaria, l'un des \u00e9v\u00e9nements les plus importants du secteur alimentaire au niveau international. Et il le fera avec une nouveaut\u00e9 tr\u00e8s sp\u00e9ciale : <strong>la pr\u00e9sentation de leur nouvelle gamme de caf\u00e9s de sp\u00e9cialit\u00e9<\/strong>.<\/p>\n<p style=\"text-align: left;\">Il s'agit d'une collection compos\u00e9e de <strong>neuf caf\u00e9s d'origine unique<\/strong>, s\u00e9lectionn\u00e9s avec soin pour leur qualit\u00e9 et leur profil sensoriel. Tous ont \u00e9t\u00e9 \u00e9valu\u00e9s selon les normes de la <strong>Association de Sp\u00e9cialit\u00e9 du Caf\u00e9 (SCA)<\/strong>, avec des scores allant <strong>des 83 jusqu'\u00e0 90 points<\/strong>.<\/p>\n<p style=\"text-align: left;\"><img fetchpriority=\"high\" decoding=\"async\" class=\"alignnone wp-image-9732 size-full\" src=\"https:\/\/cafesbatalla.com\/wp-content\/uploads\/BODEGO-CAFE-DESPECIALITAT-BATALLA-1-e1774010619731.jpg\" alt=\"\" width=\"1917\" height=\"573\" srcset=\"https:\/\/cafesbatalla.com\/wp-content\/uploads\/BODEGO-CAFE-DESPECIALITAT-BATALLA-1-e1774010619731.jpg 1917w, https:\/\/cafesbatalla.com\/wp-content\/uploads\/BODEGO-CAFE-DESPECIALITAT-BATALLA-1-e1774010619731-768x230.jpg 768w, https:\/\/cafesbatalla.com\/wp-content\/uploads\/BODEGO-CAFE-DESPECIALITAT-BATALLA-1-e1774010619731-1536x459.jpg 1536w, https:\/\/cafesbatalla.com\/wp-content\/uploads\/BODEGO-CAFE-DESPECIALITAT-BATALLA-1-e1774010619731-18x5.jpg 18w, https:\/\/cafesbatalla.com\/wp-content\/uploads\/BODEGO-CAFE-DESPECIALITAT-BATALLA-1-e1774010619731-40x12.jpg 40w, https:\/\/cafesbatalla.com\/wp-content\/uploads\/BODEGO-CAFE-DESPECIALITAT-BATALLA-1-e1774010619731-60x18.jpg 60w, https:\/\/cafesbatalla.com\/wp-content\/uploads\/BODEGO-CAFE-DESPECIALITAT-BATALLA-1-e1774010619731-80x24.jpg 80w\" sizes=\"(max-width: 1917px) 100vw, 1917px\" \/>Cette nouvelle gamme invite \u00e0 voyager dans certains des territoires caf\u00e9iers les plus embl\u00e9matiques du monde :<\/p>\n<ul style=\"text-align: left;\">\n<li style=\"text-align: left;\">Colombie (certificat Juan Vald\u00e9s)<\/li>\n<li style=\"text-align: left;\">Costa Rica (Caf\u00e9 Mujer)<\/li>\n<li style=\"text-align: left;\">Jama\u00efque (Blue Mountain)<\/li>\n<li style=\"text-align: left;\">Mexique (d\u00e9caf\u00e9in\u00e9 par m\u00e9thode naturelle \u00e0 l'eau de source)<\/li>\n<li style=\"text-align: left;\">\u00c9thiopie<\/li>\n<li style=\"text-align: left;\">Kenya<\/li>\n<li style=\"text-align: left;\">Papouasie-Nouvelle-Guin\u00e9e<\/li>\n<li style=\"text-align: left;\">Australie (Skybury Trop)<\/li>\n<\/ul>\n<p style=\"text-align: left;\">Chacun de ces caf\u00e9s exprime les<strong> caract\u00e9ristiques uniques de son origine<\/strong>: des profils plus floraux et fruit\u00e9s aux caf\u00e9s plus cors\u00e9s, complexes et sucr\u00e9s.<\/p>\n<p style=\"text-align: left;\">Avec cette nouvelle gamme, Caf\u00e9s Batalla franchit une nouvelle \u00e9tape dans son engagement envers <strong>excellence, la s\u00e9lection d'origine et la culture du caf\u00e9<\/strong>, rapprochant le consommateur d'une exp\u00e9rience plus riche et plus diversifi\u00e9e.<\/p>\n<p style=\"text-align: left;\">La pr\u00e9sentation en <strong>Alimentaria<\/strong> sera le point de d\u00e9part pour partager cette nouvelle proposition avec les professionnels du secteur, les clients et les amateurs de bon caf\u00e9.<\/p>\n<p style=\"text-align: left;\"><strong>Vous pouvez nous trouver dans le hall 7, stand C37. Nous vous attendons !<\/strong><\/p>","protected":false},"excerpt":{"rendered":"<p>Caf\u00e9s Batalla participar\u00e1 en la pr\u00f3xima edici\u00f3n de Alimentaria, uno de los eventos m\u00e1s importantes del sector de la alimentaci\u00f3n a nivel internacional. Y lo har\u00e1 con una novedad muy especial: la presentaci\u00f3n de su nueva gama de caf\u00e9s de especialidad. Se trata de una colecci\u00f3n formada por nueve caf\u00e9s de origen \u00fanico, seleccionados cuidadosamente [&hellip;]<\/p>","protected":false},"author":3,"featured_media":9732,"comment_status":"closed","ping_status":"closed","sticky":false,"template":"","format":"standard","meta":{"footnotes":""},"categories":[1],"tags":[393,399,398],"class_list":["post-9731","post","type-post","status-publish","format-standard","has-post-thumbnail","hentry","category-sin-categorizar","tag-alimentaria-2026","tag-cafes-de-especialidad","tag-port-moka"],"_links":{"self":[{"href":"https:\/\/cafesbatalla.com\/fr\/wp-json\/wp\/v2\/posts\/9731","targetHints":{"allow":["GET"]}}],"collection":[{"href":"https:\/\/cafesbatalla.com\/fr\/wp-json\/wp\/v2\/posts"}],"about":[{"href":"https:\/\/cafesbatalla.com\/fr\/wp-json\/wp\/v2\/types\/post"}],"author":[{"embeddable":true,"href":"https:\/\/cafesbatalla.com\/fr\/wp-json\/wp\/v2\/users\/3"}],"replies":[{"embeddable":true,"href":"https:\/\/cafesbatalla.com\/fr\/wp-json\/wp\/v2\/comments?post=9731"}],"version-history":[{"count":5,"href":"https:\/\/cafesbatalla.com\/fr\/wp-json\/wp\/v2\/posts\/9731\/revisions"}],"predecessor-version":[{"id":9742,"href":"https:\/\/cafesbatalla.com\/fr\/wp-json\/wp\/v2\/posts\/9731\/revisions\/9742"}],"wp:featuredmedia":[{"embeddable":true,"href":"https:\/\/cafesbatalla.com\/fr\/wp-json\/wp\/v2\/media\/9732"}],"wp:attachment":[{"href":"https:\/\/cafesbatalla.com\/fr\/wp-json\/wp\/v2\/media?parent=9731"}],"wp:term":[{"taxonomy":"category","embeddable":true,"href":"https:\/\/cafesbatalla.com\/fr\/wp-json\/wp\/v2\/categories?post=9731"},{"taxonomy":"post_tag","embeddable":true,"href":"https:\/\/cafesbatalla.com\/fr\/wp-json\/wp\/v2\/tags?post=9731"}],"curies":[{"name":"wp","href":"https:\/\/api.w.org\/{rel}","templated":true}]}}