{"id":9350,"date":"2025-11-06T14:34:11","date_gmt":"2025-11-06T13:34:11","guid":{"rendered":"https:\/\/cafesbatalla.com\/?p=9350"},"modified":"2025-11-06T14:42:40","modified_gmt":"2025-11-06T13:42:40","slug":"des-etudiants-de-luniversite-du-costa-rica-visitent-notre-usine-a-lleida","status":"publish","type":"post","link":"https:\/\/cafesbatalla.com\/fr\/visita-de-estudiantes-de-la-universidad-de-costa-rica-a-nuestra-fabrica-de-lleida\/","title":{"rendered":"Visite d'\u00e9tudiants de l'Universit\u00e9 du Costa Rica \u00e0 notre usine de Lleida"},"content":{"rendered":"<p style=\"text-align: left;\">Hier, nous avons eu le plaisir de recevoir <strong>\u00e0 l'usine de Caf\u00e9s Batalla \u00e0 Lleida<\/strong> un groupe d'\u00e9tudiants de la <strong>Gestion de l'agro-industrie <\/strong>de la <strong>Universit\u00e9 du Costa Rica<\/strong>qui se trouvent en Europe dans le cadre d'un parcours d'apprentissage \u00e0 travers diff\u00e9rents projets agroalimentaires de r\u00e9f\u00e9rence.<\/p>\n<p style=\"text-align: left;\">Au cours de la visite, les \u00e9tudiants ont pu d\u00e9couvrir notre processus de travail, depuis la s\u00e9lection des grains verts \u00e0 l'origine jusqu'\u00e0 la torr\u00e9faction et la pr\u00e9paration finale. Notre \u00e9quipe a expliqu\u00e9 l'importance de la tra\u00e7abilit\u00e9, de la durabilit\u00e9 dans la cha\u00eene de valeur et de la culture du caf\u00e9 qui fait partie de notre identit\u00e9 depuis plus de 75 ans.<\/p>\n<p style=\"text-align: left;\">Ce fut une journ\u00e9e enrichissante au cours de laquelle nous avons pu \u00e9changer des connaissances, partager des exp\u00e9riences et parler des d\u00e9fis et des opportunit\u00e9s du secteur du caf\u00e9 au niveau international. Nous sommes fiers de pouvoir ouvrir nos portes aux nouvelles g\u00e9n\u00e9rations qui sont form\u00e9es pour conduire l'avenir de l'agro-industrie.<\/p>\n<p style=\"text-align: left;\">Nous appr\u00e9cions grandement leur int\u00e9r\u00eat et leur visite, et nous esp\u00e9rons que cette exp\u00e9rience a \u00e9t\u00e9 aussi inspirante pour eux qu'elle l'a \u00e9t\u00e9 pour nous.<br \/>\nCaf\u00e9s Batalla : passion, artisanat et tradition dans chaque tasse.<\/p>","protected":false},"excerpt":{"rendered":"<p>Ayer tuvimos el placer de recibir en la f\u00e1brica de Lleida de Caf\u00e9s Batalla un grupo de estudiantes del programa de Gerencia Agroempresarial de la Universidad de Costa Rica, que se encuentran en Europa realizando una ruta de aprendizaje por diferentes proyectos agroalimentarios de referencia. Durante la visita, los estudiantes pudieron conocer de cerca nuestro [&hellip;]<\/p>\n","protected":false},"author":3,"featured_media":9353,"comment_status":"closed","ping_status":"closed","sticky":false,"template":"","format":"standard","meta":{"footnotes":""},"categories":[353,1],"tags":[362,364,365,363],"class_list":["post-9350","post","type-post","status-publish","format-standard","has-post-thumbnail","hentry","category-noves-noticies","category-sin-categorizar","tag-estudiantes","tag-fabrica-de-lleida","tag-universidad-de-costa-rica","tag-visita"],"_links":{"self":[{"href":"https:\/\/cafesbatalla.com\/fr\/wp-json\/wp\/v2\/posts\/9350","targetHints":{"allow":["GET"]}}],"collection":[{"href":"https:\/\/cafesbatalla.com\/fr\/wp-json\/wp\/v2\/posts"}],"about":[{"href":"https:\/\/cafesbatalla.com\/fr\/wp-json\/wp\/v2\/types\/post"}],"author":[{"embeddable":true,"href":"https:\/\/cafesbatalla.com\/fr\/wp-json\/wp\/v2\/users\/3"}],"replies":[{"embeddable":true,"href":"https:\/\/cafesbatalla.com\/fr\/wp-json\/wp\/v2\/comments?post=9350"}],"version-history":[{"count":4,"href":"https:\/\/cafesbatalla.com\/fr\/wp-json\/wp\/v2\/posts\/9350\/revisions"}],"predecessor-version":[{"id":9356,"href":"https:\/\/cafesbatalla.com\/fr\/wp-json\/wp\/v2\/posts\/9350\/revisions\/9356"}],"wp:featuredmedia":[{"embeddable":true,"href":"https:\/\/cafesbatalla.com\/fr\/wp-json\/wp\/v2\/media\/9353"}],"wp:attachment":[{"href":"https:\/\/cafesbatalla.com\/fr\/wp-json\/wp\/v2\/media?parent=9350"}],"wp:term":[{"taxonomy":"category","embeddable":true,"href":"https:\/\/cafesbatalla.com\/fr\/wp-json\/wp\/v2\/categories?post=9350"},{"taxonomy":"post_tag","embeddable":true,"href":"https:\/\/cafesbatalla.com\/fr\/wp-json\/wp\/v2\/tags?post=9350"}],"curies":[{"name":"wp","href":"https:\/\/api.w.org\/{rel}","templated":true}]}}