{"id":8113,"date":"2025-03-05T11:41:10","date_gmt":"2025-03-05T10:41:10","guid":{"rendered":"https:\/\/cafesbatalla.com\/cafes-batalla-i-mamapop-proposen-un-8m-amb-el-cafe-mujer-un-producte-dalta-qualitat-en-clau-de-dona-i-de-donacio\/"},"modified":"2025-09-18T12:16:49","modified_gmt":"2025-09-18T10:16:49","slug":"les-cafes-batalla-et-mamapop-proposent-un-8m-avec-le-womens-cafe","status":"publish","type":"post","link":"https:\/\/cafesbatalla.com\/fr\/cafes-batalla-y-mamapop-proponen-un-8m-con-el-cafe-mujer\/","title":{"rendered":"Caf\u00e9s Batalla et Mamapop proposent un 8M avec Caf\u00e9 Mujer, un produit de haute qualit\u00e9 dans la cl\u00e9 des femmes et du don."},"content":{"rendered":"<div data-elementor-type=\"wp-post\" data-elementor-id=\"8113\" class=\"elementor elementor-8113\" data-elementor-post-type=\"post\">\n\t\t\t\t\t\t<section class=\"ob-is-breaking-bad elementor-section elementor-top-section elementor-element elementor-element-647069a4 elementor-section-boxed elementor-section-height-default elementor-section-height-default\" data-id=\"647069a4\" data-element_type=\"section\" data-e-type=\"section\" data-settings=\"{&quot;jet_parallax_layout_list&quot;:[],&quot;_ob_bbad_use_it&quot;:&quot;yes&quot;,&quot;_ob_bbad_sssic_use&quot;:&quot;no&quot;,&quot;_ob_glider_is_slider&quot;:&quot;no&quot;}\">\n\t\t\t\t\t\t<div class=\"elementor-container elementor-column-gap-default\">\n\t\t\t\t\t<div class=\"elementor-column elementor-col-100 elementor-top-column elementor-element elementor-element-5ff18f8a\" data-id=\"5ff18f8a\" data-element_type=\"column\" data-e-type=\"column\" data-settings=\"{&quot;_ob_bbad_is_stalker&quot;:&quot;no&quot;,&quot;_ob_teleporter_use&quot;:false,&quot;_ob_column_hoveranimator&quot;:&quot;no&quot;,&quot;_ob_column_has_pseudo&quot;:&quot;no&quot;}\">\n\t\t\t<div class=\"elementor-widget-wrap elementor-element-populated\">\n\t\t\t\t\t\t<div class=\"elementor-element elementor-element-348a14e7 elementor-widget__width-initial ob-harakiri-inherit ob-has-background-overlay elementor-widget elementor-widget-text-editor\" data-id=\"348a14e7\" data-element_type=\"widget\" data-e-type=\"widget\" data-settings=\"{&quot;_ob_use_harakiri&quot;:&quot;yes&quot;,&quot;_ob_harakiri_writing_mode&quot;:&quot;inherit&quot;,&quot;_ob_postman_use&quot;:&quot;no&quot;,&quot;_ob_perspektive_use&quot;:&quot;no&quot;,&quot;_ob_poopart_use&quot;:&quot;yes&quot;,&quot;_ob_shadough_use&quot;:&quot;no&quot;,&quot;_ob_allow_hoveranimator&quot;:&quot;no&quot;,&quot;_ob_widget_stalker_use&quot;:&quot;no&quot;}\" data-widget_type=\"text-editor.default\">\n\t\t\t\t<div class=\"elementor-widget-container\">\n\t\t\t\t\t\t\t\t\t<p class=\"p1\"><strong><span class=\"s1\">La bataille\u00a0<\/span><span class=\"s2\">Mamapop<\/span><span class=\"s1\">Sp\u00e9cialit\u00e9 de caf\u00e9 fabriqu\u00e9e exclusivement par des femmes en solidarit\u00e9 avec le cancer du sein<\/span><\/strong><\/p><p class=\"p2\"><strong><span class=\"s3\">Caf\u00e9s Batalla et le spectacle\u00a0<\/span><span class=\"s2\">Mamapop<\/span><span class=\"s3\">\u00a0proposer un 8M avec du caf\u00e9\u00a0<\/span><span class=\"s2\">Mujer<\/span><span class=\"s3\">un produit de haute qualit\u00e9 dans la cl\u00e9 des femmes et du don<\/span><\/strong><\/p><p class=\"p3\" style=\"text-align: left;\"><em>Lleida, 5 mars 2025<\/em>- <span class=\"s1\">Premi\u00e8re entreprise de torr\u00e9faction de caf\u00e9 \u00e0 Poniente et distributeur national et international, <strong>Caf\u00e9s Batalla<\/strong>Les 75 premi\u00e8res ann\u00e9es de son histoire sont c\u00e9l\u00e9br\u00e9es en comm\u00e9morant le <b>Journ\u00e9e de la femme<\/b> avec le lancement d'un <b>une sp\u00e9cialit\u00e9 alliant qualit\u00e9 et solidarit\u00e9 avec un label enti\u00e8rement f\u00e9minin<\/b>.<\/span><\/p><p class=\"p1\"><strong><span class=\"s1\">Caf\u00e9\u00a0<\/span><span class=\"s2\">Mujer<\/span><\/strong><span class=\"s1\">\u00a0est le r\u00e9sultat d'une histoire de d\u00e9vouement et d'autonomisation, car t<strong>e leadership en mati\u00e8re de production repose enti\u00e8rement sur les femmes et reconna\u00eet \u00e0 juste titre leur contribution \u00e0 la cha\u00eene de valeur du caf\u00e9.<\/strong>. Ils sont charg\u00e9s de la r\u00e9colte et de la torr\u00e9faction des vari\u00e9t\u00e9s.\u00a0<\/span><span class=\"s2\">Caturra<\/span><span class=\"s1\">\u00a0y\u00a0<\/span><span class=\"s2\">Catuai<\/span><span class=\"s1\">\u00a0Le vin est une sp\u00e9cialit\u00e9 structur\u00e9e, \u00e9quilibr\u00e9e et soyeuse aux notes fruit\u00e9es et florales avec des nuances douces et une pointe d'acidit\u00e9. Il est \u00e9labor\u00e9 en <strong>Costa Rica, dans la r\u00e9gion de\u00a0<\/strong><\/span><strong><span class=\"s2\">Le<\/span><span class=\"s1\">\u00a0Santos-<\/span><span class=\"s2\">Tarraz\u00fa<\/span><\/strong><span class=\"s1\"><strong>\u00a0o\u00f9 sont cultiv\u00e9s les caf\u00e9s consid\u00e9r\u00e9s comme les meilleurs au monde<\/strong>L'exploitation est situ\u00e9e \u00e0 1 200 m\u00e8tres au-dessus du niveau de la mer, ce qui, gr\u00e2ce \u00e0 l'altitude et au climat, lui conf\u00e8re des caract\u00e9ristiques valoris\u00e9es par un score extraordinaire de 85.\u00a0<\/span><span class=\"s2\">SCA<\/span><span class=\"s1\">dans les param\u00e8tres de qualit\u00e9. <strong>Caf\u00e9s Batalla a souhait\u00e9 associer ce produit \u00e0 la cause de solidarit\u00e9 contre le cancer du sein qu'il repr\u00e9sente.\u00a0<\/strong><\/span><a href=\"https:\/\/mamapop.cat\/\" target=\"_blank\" rel=\"noopener\"><strong><span class=\"s2\">Mamapop<\/span><\/strong><\/a><span class=\"s1\">.<\/span><\/p><p class=\"p1\"><span class=\"s1\">C'est pourquoi, <strong>deux euros sur la vente de chaque paquet de caf\u00e9 d'un demi-kilo.\u00a0<\/strong><\/span><strong><span class=\"s2\">Mujer<\/span><\/strong><span class=\"s1\"><strong>\u00a0iront aux fonds r\u00e9colt\u00e9s par le concert de solidarit\u00e9.<\/strong>en plus de son don annuel de\u00a0<\/span><strong><span class=\"s2\">Mamapop<\/span><\/strong><span class=\"s1\">\u00a0pour financer les projets de recherche de la <strong>Institut de recherche biom\u00e9dicale, l\u00a0<\/strong><\/span><strong><span class=\"s2\">IRBLleida<\/span><\/strong><span class=\"s1\">. La campagne se poursuivra jusqu'en novembre 2025, date \u00e0 laquelle une nouvelle \u00e9dition du spectacle musical sera pr\u00e9sent\u00e9e \u00e0 Lleida.<\/span><\/p><p class=\"p1\"><span class=\"s1\">Le gestionnaire de Caf\u00e9s Batalla, <strong>Ramon\u00a0<\/strong><\/span><strong><span class=\"s2\">Bataille<\/span><span class=\"s1\">a expliqu\u00e9 que l'entreprise souhaitait cr\u00e9er cette synergie parce qu'elle a toujours admir\u00e9 le travail de l'entreprise.\u00a0<\/span><span class=\"s2\">Mamapop<\/span><\/strong><span class=\"s1\">Le pr\u00e9sident, fondateur et directeur artistique du concert, <strong>Manel Simon est fier qu'une entreprise de premier plan de la r\u00e9gion de Lleida ait propos\u00e9 de contribuer \u00e0 cette cause de solidarit\u00e9.<\/strong>.<\/span><\/p><p class=\"p1\"><span class=\"s1\">La pr\u00e9sentation, qui s'est d\u00e9roul\u00e9e dans les locaux de Caf\u00e9s Batalla, a permis \u00e0 tous les participants de go\u00fbter ce nouveau produit sp\u00e9cial et d'en apprendre tous les d\u00e9tails gr\u00e2ce aux explications du ma\u00eetre cafetier, <strong>Xavier\u00a0<\/strong><\/span><strong><span class=\"s2\">Bataille<\/span><\/strong><span class=\"s1\">.<\/span><\/p><p class=\"p2\"><span class=\"s3\">Ce caf\u00e9 sp\u00e9cial, <strong>Caf\u00e9\u00a0<\/strong><\/span><strong><span class=\"s2\">Mujer<\/span><span class=\"s3\">\u00a0de\u00a0<\/span><span class=\"s2\">Caf\u00e9s<\/span><\/strong><span class=\"s3\"><strong>\u00a0Bataille<\/strong>exclusivement par des femmes et en solidarit\u00e9 avec\u00a0<\/span><span class=\"s2\">Mamapop<\/span><span class=\"s3\">Vous pouvez l'acheter en vrac ou en grains dans la boutique en ligne de Caf\u00e9s Batalla en cliquant sur le lien suivant :<\/span><\/p><p class=\"p3\" style=\"text-align: left;\"><a href=\"https:\/\/tienda.cafesbatalla.com\/es\/43-port-moka-specialty-coffee\" target=\"_blank\" rel=\"noopener\">https:\/\/tienda.cafesbatalla.com\/ca<\/a><\/p><p class=\"p3\" style=\"text-align: left;\">\u00a0<\/p>\t\t\t\t\t\t\t\t<\/div>\n\t\t\t\t<\/div>\n\t\t\t\t\t<\/div>\n\t\t<\/div>\n\t\t\t\t\t<\/div>\n\t\t<\/section>\n\t\t\t\t<section class=\"ob-is-breaking-bad elementor-section elementor-top-section elementor-element elementor-element-0da26db elementor-section-boxed elementor-section-height-default elementor-section-height-default\" data-id=\"0da26db\" data-element_type=\"section\" data-e-type=\"section\" data-settings=\"{&quot;jet_parallax_layout_list&quot;:[],&quot;_ob_bbad_use_it&quot;:&quot;yes&quot;,&quot;_ob_bbad_sssic_use&quot;:&quot;no&quot;,&quot;_ob_glider_is_slider&quot;:&quot;no&quot;}\">\n\t\t\t\t\t\t<div class=\"elementor-container elementor-column-gap-default\">\n\t\t\t\t\t<div class=\"elementor-column elementor-col-50 elementor-top-column elementor-element elementor-element-86d6b16\" data-id=\"86d6b16\" data-element_type=\"column\" data-e-type=\"column\" data-settings=\"{&quot;_ob_bbad_is_stalker&quot;:&quot;no&quot;,&quot;_ob_teleporter_use&quot;:false,&quot;_ob_column_hoveranimator&quot;:&quot;no&quot;,&quot;_ob_column_has_pseudo&quot;:&quot;no&quot;}\">\n\t\t\t<div class=\"elementor-widget-wrap elementor-element-populated\">\n\t\t\t\t\t\t<div class=\"elementor-element elementor-element-3292c4e ob-has-background-overlay elementor-widget elementor-widget-image\" data-id=\"3292c4e\" data-element_type=\"widget\" data-e-type=\"widget\" data-settings=\"{&quot;_ob_photomorph_use&quot;:&quot;no&quot;,&quot;_ob_perspektive_use&quot;:&quot;no&quot;,&quot;_ob_poopart_use&quot;:&quot;yes&quot;,&quot;_ob_shadough_use&quot;:&quot;no&quot;,&quot;_ob_allow_hoveranimator&quot;:&quot;no&quot;,&quot;_ob_widget_stalker_use&quot;:&quot;no&quot;}\" data-widget_type=\"image.default\">\n\t\t\t\t<div class=\"elementor-widget-container\">\n\t\t\t\t\t\t\t\t\t\t\t\t\t\t\t<img fetchpriority=\"high\" decoding=\"async\" width=\"1080\" height=\"1170\" src=\"https:\/\/cafesbatalla.com\/wp-content\/uploads\/8MMAMAPOP002.jpg\" class=\"attachment-large size-large wp-image-8103\" alt=\"Caf\u00e9 Mujer des Caf\u00e9s Batalla i MAMAPOP \u00e0 Lleida\" srcset=\"https:\/\/cafesbatalla.com\/wp-content\/uploads\/8MMAMAPOP002.jpg 1080w, https:\/\/cafesbatalla.com\/wp-content\/uploads\/8MMAMAPOP002-768x832.jpg 768w, https:\/\/cafesbatalla.com\/wp-content\/uploads\/8MMAMAPOP002-11x12.jpg 11w, https:\/\/cafesbatalla.com\/wp-content\/uploads\/8MMAMAPOP002-37x40.jpg 37w, https:\/\/cafesbatalla.com\/wp-content\/uploads\/8MMAMAPOP002-55x60.jpg 55w, https:\/\/cafesbatalla.com\/wp-content\/uploads\/8MMAMAPOP002-74x80.jpg 74w\" sizes=\"(max-width: 1080px) 100vw, 1080px\" \/>\t\t\t\t\t\t\t\t\t\t\t\t\t\t\t<\/div>\n\t\t\t\t<\/div>\n\t\t\t\t\t<\/div>\n\t\t<\/div>\n\t\t\t\t<div class=\"elementor-column elementor-col-50 elementor-top-column elementor-element elementor-element-c2c7c0f\" data-id=\"c2c7c0f\" data-element_type=\"column\" data-e-type=\"column\" data-settings=\"{&quot;_ob_bbad_is_stalker&quot;:&quot;no&quot;,&quot;_ob_teleporter_use&quot;:false,&quot;_ob_column_hoveranimator&quot;:&quot;no&quot;,&quot;_ob_column_has_pseudo&quot;:&quot;no&quot;}\">\n\t\t\t<div class=\"elementor-widget-wrap elementor-element-populated\">\n\t\t\t\t\t\t<div class=\"elementor-element elementor-element-c12db95 ob-has-background-overlay elementor-widget elementor-widget-image\" data-id=\"c12db95\" data-element_type=\"widget\" data-e-type=\"widget\" data-settings=\"{&quot;_ob_photomorph_use&quot;:&quot;no&quot;,&quot;_ob_perspektive_use&quot;:&quot;no&quot;,&quot;_ob_poopart_use&quot;:&quot;yes&quot;,&quot;_ob_shadough_use&quot;:&quot;no&quot;,&quot;_ob_allow_hoveranimator&quot;:&quot;no&quot;,&quot;_ob_widget_stalker_use&quot;:&quot;no&quot;}\" data-widget_type=\"image.default\">\n\t\t\t\t<div class=\"elementor-widget-container\">\n\t\t\t\t\t\t\t\t\t\t\t\t\t\t\t<img decoding=\"async\" width=\"1080\" height=\"1170\" src=\"https:\/\/cafesbatalla.com\/wp-content\/uploads\/MOCKUP-CARA-CAFE-MUJER-BATALLA-cara-1080CAFESweb.jpg\" class=\"attachment-large size-large wp-image-8098\" alt=\"\" srcset=\"https:\/\/cafesbatalla.com\/wp-content\/uploads\/MOCKUP-CARA-CAFE-MUJER-BATALLA-cara-1080CAFESweb.jpg 1080w, https:\/\/cafesbatalla.com\/wp-content\/uploads\/MOCKUP-CARA-CAFE-MUJER-BATALLA-cara-1080CAFESweb-768x832.jpg 768w, https:\/\/cafesbatalla.com\/wp-content\/uploads\/MOCKUP-CARA-CAFE-MUJER-BATALLA-cara-1080CAFESweb-11x12.jpg 11w, https:\/\/cafesbatalla.com\/wp-content\/uploads\/MOCKUP-CARA-CAFE-MUJER-BATALLA-cara-1080CAFESweb-37x40.jpg 37w, https:\/\/cafesbatalla.com\/wp-content\/uploads\/MOCKUP-CARA-CAFE-MUJER-BATALLA-cara-1080CAFESweb-55x60.jpg 55w, https:\/\/cafesbatalla.com\/wp-content\/uploads\/MOCKUP-CARA-CAFE-MUJER-BATALLA-cara-1080CAFESweb-74x80.jpg 74w\" sizes=\"(max-width: 1080px) 100vw, 1080px\" \/>\t\t\t\t\t\t\t\t\t\t\t\t\t\t\t<\/div>\n\t\t\t\t<\/div>\n\t\t\t\t\t<\/div>\n\t\t<\/div>\n\t\t\t\t\t<\/div>\n\t\t<\/section>\n\t\t\t\t<section class=\"ob-is-breaking-bad elementor-section elementor-top-section elementor-element elementor-element-0d14a96 elementor-section-boxed elementor-section-height-default elementor-section-height-default\" data-id=\"0d14a96\" data-element_type=\"section\" data-e-type=\"section\" data-settings=\"{&quot;jet_parallax_layout_list&quot;:[],&quot;_ob_bbad_use_it&quot;:&quot;yes&quot;,&quot;_ob_bbad_sssic_use&quot;:&quot;no&quot;,&quot;_ob_glider_is_slider&quot;:&quot;no&quot;}\">\n\t\t\t\t\t\t<div class=\"elementor-container elementor-column-gap-default\">\n\t\t\t\t\t<div class=\"elementor-column elementor-col-100 elementor-top-column elementor-element elementor-element-608e106\" data-id=\"608e106\" data-element_type=\"column\" data-e-type=\"column\" data-settings=\"{&quot;_ob_bbad_is_stalker&quot;:&quot;no&quot;,&quot;_ob_teleporter_use&quot;:false,&quot;_ob_column_hoveranimator&quot;:&quot;no&quot;,&quot;_ob_column_has_pseudo&quot;:&quot;no&quot;}\">\n\t\t\t<div class=\"elementor-widget-wrap elementor-element-populated\">\n\t\t\t\t\t\t<div class=\"elementor-element elementor-element-108ba1f ob-has-background-overlay elementor-widget elementor-widget-image\" data-id=\"108ba1f\" data-element_type=\"widget\" data-e-type=\"widget\" data-settings=\"{&quot;_ob_photomorph_use&quot;:&quot;no&quot;,&quot;_ob_perspektive_use&quot;:&quot;no&quot;,&quot;_ob_poopart_use&quot;:&quot;yes&quot;,&quot;_ob_shadough_use&quot;:&quot;no&quot;,&quot;_ob_allow_hoveranimator&quot;:&quot;no&quot;,&quot;_ob_widget_stalker_use&quot;:&quot;no&quot;}\" data-widget_type=\"image.default\">\n\t\t\t\t<div class=\"elementor-widget-container\">\n\t\t\t\t\t\t\t\t\t\t\t\t<figure class=\"wp-caption\">\n\t\t\t\t\t\t\t\t\t\t<img decoding=\"async\" width=\"1600\" height=\"1200\" src=\"https:\/\/cafesbatalla.com\/wp-content\/uploads\/8MMAMPOP004.jpg\" class=\"attachment-large size-large wp-image-8109\" alt=\"Caf\u00e9 Mujer des Caf\u00e9s Batalla i MAMAPOP \u00e0 Lleida\" srcset=\"https:\/\/cafesbatalla.com\/wp-content\/uploads\/8MMAMPOP004.jpg 1600w, https:\/\/cafesbatalla.com\/wp-content\/uploads\/8MMAMPOP004-768x576.jpg 768w, https:\/\/cafesbatalla.com\/wp-content\/uploads\/8MMAMPOP004-1536x1152.jpg 1536w, https:\/\/cafesbatalla.com\/wp-content\/uploads\/8MMAMPOP004-16x12.jpg 16w, https:\/\/cafesbatalla.com\/wp-content\/uploads\/8MMAMPOP004-40x30.jpg 40w, https:\/\/cafesbatalla.com\/wp-content\/uploads\/8MMAMPOP004-60x45.jpg 60w, https:\/\/cafesbatalla.com\/wp-content\/uploads\/8MMAMPOP004-80x60.jpg 80w\" sizes=\"(max-width: 1600px) 100vw, 1600px\" \/>\t\t\t\t\t\t\t\t\t\t\t<figcaption class=\"widget-image-caption wp-caption-text\">Manel Simon de MAMAPOP avec les m\u00e9dias lors de la pr\u00e9sentation de Caf\u00e9 Mujer.<\/figcaption>\n\t\t\t\t\t\t\t\t\t\t<\/figure>\n\t\t\t\t\t\t\t\t\t<\/div>\n\t\t\t\t<\/div>\n\t\t\t\t\t<\/div>\n\t\t<\/div>\n\t\t\t\t\t<\/div>\n\t\t<\/section>\n\t\t\t\t<section class=\"ob-is-breaking-bad elementor-section elementor-top-section elementor-element elementor-element-ea3fc2b elementor-section-boxed elementor-section-height-default elementor-section-height-default\" data-id=\"ea3fc2b\" data-element_type=\"section\" data-e-type=\"section\" data-settings=\"{&quot;jet_parallax_layout_list&quot;:[],&quot;_ob_bbad_use_it&quot;:&quot;yes&quot;,&quot;_ob_bbad_sssic_use&quot;:&quot;no&quot;,&quot;_ob_glider_is_slider&quot;:&quot;no&quot;}\">\n\t\t\t\t\t\t<div class=\"elementor-container elementor-column-gap-default\">\n\t\t\t\t\t<div class=\"elementor-column elementor-col-100 elementor-top-column elementor-element elementor-element-45d11ab\" data-id=\"45d11ab\" data-element_type=\"column\" data-e-type=\"column\" data-settings=\"{&quot;_ob_bbad_is_stalker&quot;:&quot;no&quot;,&quot;_ob_teleporter_use&quot;:false,&quot;_ob_column_hoveranimator&quot;:&quot;no&quot;,&quot;_ob_column_has_pseudo&quot;:&quot;no&quot;}\">\n\t\t\t<div class=\"elementor-widget-wrap elementor-element-populated\">\n\t\t\t\t\t\t<div class=\"elementor-element elementor-element-7ad3794 ob-has-background-overlay elementor-widget elementor-widget-image\" data-id=\"7ad3794\" data-element_type=\"widget\" data-e-type=\"widget\" data-settings=\"{&quot;_ob_photomorph_use&quot;:&quot;no&quot;,&quot;_ob_perspektive_use&quot;:&quot;no&quot;,&quot;_ob_poopart_use&quot;:&quot;yes&quot;,&quot;_ob_shadough_use&quot;:&quot;no&quot;,&quot;_ob_allow_hoveranimator&quot;:&quot;no&quot;,&quot;_ob_widget_stalker_use&quot;:&quot;no&quot;}\" data-widget_type=\"image.default\">\n\t\t\t\t<div class=\"elementor-widget-container\">\n\t\t\t\t\t\t\t\t\t\t\t\t<figure class=\"wp-caption\">\n\t\t\t\t\t\t\t\t\t\t<img loading=\"lazy\" decoding=\"async\" width=\"1200\" height=\"832\" src=\"https:\/\/cafesbatalla.com\/wp-content\/uploads\/8MMAMAPOP005.jpg\" class=\"attachment-large size-large wp-image-8106\" alt=\"Caf\u00e9 Mujer des Caf\u00e9s Batalla i MAMAPOP \u00e0 Lleida\" srcset=\"https:\/\/cafesbatalla.com\/wp-content\/uploads\/8MMAMAPOP005.jpg 1200w, https:\/\/cafesbatalla.com\/wp-content\/uploads\/8MMAMAPOP005-768x532.jpg 768w, https:\/\/cafesbatalla.com\/wp-content\/uploads\/8MMAMAPOP005-18x12.jpg 18w, https:\/\/cafesbatalla.com\/wp-content\/uploads\/8MMAMAPOP005-40x28.jpg 40w, https:\/\/cafesbatalla.com\/wp-content\/uploads\/8MMAMAPOP005-60x42.jpg 60w, https:\/\/cafesbatalla.com\/wp-content\/uploads\/8MMAMAPOP005-80x55.jpg 80w\" sizes=\"(max-width: 1200px) 100vw, 1200px\" \/>\t\t\t\t\t\t\t\t\t\t\t<figcaption class=\"widget-image-caption wp-caption-text\">Manel Simon de MAMAPOP et Ramon Batalla, avec l'\u00e9quipe de Caf\u00e9s Batalla et les journalistes lors de la pr\u00e9sentation de Caf\u00e9 Mujer.<\/figcaption>\n\t\t\t\t\t\t\t\t\t\t<\/figure>\n\t\t\t\t\t\t\t\t\t<\/div>\n\t\t\t\t<\/div>\n\t\t\t\t\t<\/div>\n\t\t<\/div>\n\t\t\t\t\t<\/div>\n\t\t<\/section>\n\t\t\t\t<\/div>","protected":false},"excerpt":{"rendered":"<p>La Batalla\u00a0Mamapop: caf\u00e9 de especialidad hecho exclusivamente por mujeres y solidario contra el c\u00e1ncer de mama Caf\u00e9s Batalla y el espect\u00e1culo\u00a0Mamapop\u00a0proponen un 8M con Caf\u00e9\u00a0Mujer, un producto de alta calidad en clave de mujer y de donaci\u00f3n Lleida, 5 de marzo de 2025&#8211; La primera torrefactora de caf\u00e9 de Poniente y distribuidora en el \u00e1mbito [&hellip;]<\/p>\n","protected":false},"author":3,"featured_media":8092,"comment_status":"closed","ping_status":"closed","sticky":false,"template":"","format":"standard","meta":{"footnotes":""},"categories":[353],"tags":[],"class_list":["post-8113","post","type-post","status-publish","format-standard","has-post-thumbnail","hentry","category-noves-noticies"],"_links":{"self":[{"href":"https:\/\/cafesbatalla.com\/fr\/wp-json\/wp\/v2\/posts\/8113","targetHints":{"allow":["GET"]}}],"collection":[{"href":"https:\/\/cafesbatalla.com\/fr\/wp-json\/wp\/v2\/posts"}],"about":[{"href":"https:\/\/cafesbatalla.com\/fr\/wp-json\/wp\/v2\/types\/post"}],"author":[{"embeddable":true,"href":"https:\/\/cafesbatalla.com\/fr\/wp-json\/wp\/v2\/users\/3"}],"replies":[{"embeddable":true,"href":"https:\/\/cafesbatalla.com\/fr\/wp-json\/wp\/v2\/comments?post=8113"}],"version-history":[{"count":0,"href":"https:\/\/cafesbatalla.com\/fr\/wp-json\/wp\/v2\/posts\/8113\/revisions"}],"wp:featuredmedia":[{"embeddable":true,"href":"https:\/\/cafesbatalla.com\/fr\/wp-json\/wp\/v2\/media\/8092"}],"wp:attachment":[{"href":"https:\/\/cafesbatalla.com\/fr\/wp-json\/wp\/v2\/media?parent=8113"}],"wp:term":[{"taxonomy":"category","embeddable":true,"href":"https:\/\/cafesbatalla.com\/fr\/wp-json\/wp\/v2\/categories?post=8113"},{"taxonomy":"post_tag","embeddable":true,"href":"https:\/\/cafesbatalla.com\/fr\/wp-json\/wp\/v2\/tags?post=8113"}],"curies":[{"name":"wp","href":"https:\/\/api.w.org\/{rel}","templated":true}]}}