{"id":7791,"date":"2025-02-18T12:58:12","date_gmt":"2025-02-18T11:58:12","guid":{"rendered":"https:\/\/cafesbatalla.com\/visita-de-lins-ronda-a-cafes-batalla\/"},"modified":"2025-09-18T12:16:49","modified_gmt":"2025-09-18T10:16:49","slug":"visite-de-lins-ronda-aux-cafes-batalla","status":"publish","type":"post","link":"https:\/\/cafesbatalla.com\/fr\/visita-del-ins-ronda-a-cafes-batalla\/","title":{"rendered":"Visite de l'INS Ronda au Caf\u00e8s Batalla"},"content":{"rendered":"<div data-elementor-type=\"wp-post\" data-elementor-id=\"7791\" class=\"elementor elementor-7791\" data-elementor-post-type=\"post\">\n\t\t\t\t\t\t<section class=\"ob-is-breaking-bad elementor-section elementor-top-section elementor-element elementor-element-467b7eed elementor-section-boxed elementor-section-height-default elementor-section-height-default\" data-id=\"467b7eed\" data-element_type=\"section\" data-e-type=\"section\" data-settings=\"{&quot;jet_parallax_layout_list&quot;:[],&quot;_ob_bbad_use_it&quot;:&quot;yes&quot;,&quot;_ob_bbad_sssic_use&quot;:&quot;no&quot;,&quot;_ob_glider_is_slider&quot;:&quot;no&quot;}\">\n\t\t\t\t\t\t<div class=\"elementor-container elementor-column-gap-default\">\n\t\t\t\t\t<div class=\"elementor-column elementor-col-100 elementor-top-column elementor-element elementor-element-d189fc7\" data-id=\"d189fc7\" data-element_type=\"column\" data-e-type=\"column\" data-settings=\"{&quot;_ob_bbad_is_stalker&quot;:&quot;no&quot;,&quot;_ob_teleporter_use&quot;:false,&quot;_ob_column_hoveranimator&quot;:&quot;no&quot;,&quot;_ob_column_has_pseudo&quot;:&quot;no&quot;}\">\n\t\t\t<div class=\"elementor-widget-wrap elementor-element-populated\">\n\t\t\t\t\t\t<div class=\"elementor-element elementor-element-2c74c325 ob-harakiri-inherit ob-has-background-overlay elementor-widget elementor-widget-text-editor\" data-id=\"2c74c325\" data-element_type=\"widget\" data-e-type=\"widget\" data-settings=\"{&quot;_ob_use_harakiri&quot;:&quot;yes&quot;,&quot;_ob_harakiri_writing_mode&quot;:&quot;inherit&quot;,&quot;_ob_postman_use&quot;:&quot;no&quot;,&quot;_ob_perspektive_use&quot;:&quot;no&quot;,&quot;_ob_poopart_use&quot;:&quot;yes&quot;,&quot;_ob_shadough_use&quot;:&quot;no&quot;,&quot;_ob_allow_hoveranimator&quot;:&quot;no&quot;,&quot;_ob_widget_stalker_use&quot;:&quot;no&quot;}\" data-widget_type=\"text-editor.default\">\n\t\t\t\t<div class=\"elementor-widget-container\">\n\t\t\t\t\t\t\t\t\t<p style=\"text-align: left;\">Vendredi 14 f\u00e9vrier dernier, en Caf\u00e9s Batalla, nous avons re\u00e7u les \u00e9tudiants de l'\u00e9cole de la <strong>Institut de Ronda de Lleida<\/strong> @insronda, qui a visit\u00e9 nos installations pour d\u00e9couvrir le monde du caf\u00e9 de plus pr\u00e8s.<\/p><p>Au cours de la visite, ils ont d\u00e9couvert le processus de torr\u00e9faction du caf\u00e9, les origines du caf\u00e9 vert et l'importance de chaque grain dans la cr\u00e9ation d'une tasse unique. \u00c0 la fin de la visite, ils ont d\u00e9gust\u00e9 une bonne tasse de caf\u00e9 pendant que nous leur expliquions notre histoire et le processus de production du caf\u00e9.<strong> 75 ans de Caf\u00e9s Batalla<\/strong>.<\/p><p>Nous aimons partager notre passion et faire d\u00e9couvrir l'art du caf\u00e9 aux nouvelles g\u00e9n\u00e9rations. Nous vous remercions de votre visite !<\/p>\t\t\t\t\t\t\t\t<\/div>\n\t\t\t\t<\/div>\n\t\t\t\t\t<\/div>\n\t\t<\/div>\n\t\t\t\t\t<\/div>\n\t\t<\/section>\n\t\t\t\t<\/div>","protected":false},"excerpt":{"rendered":"<p>El pasado viernes d\u00eda 14 de febrero, en Caf\u00e9s Batalla recibimos a los alumnos del Instituto Ronda de Lleida @insronda, que visitaron nuestras instalaciones para descubrir de cerca el mundo del caf\u00e9. Durante el recorrido, aprendieron el proceso de tueste del caf\u00e9, los or\u00edgenes del caf\u00e9 verde y la importancia de cada grano en la [&hellip;]<\/p>\n","protected":false},"author":3,"featured_media":7787,"comment_status":"closed","ping_status":"closed","sticky":false,"template":"","format":"standard","meta":{"footnotes":""},"categories":[353],"tags":[232,90,231],"class_list":["post-7791","post","type-post","status-publish","format-standard","has-post-thumbnail","hentry","category-noves-noticies","tag-alumnes","tag-formacio","tag-ins-ronda"],"_links":{"self":[{"href":"https:\/\/cafesbatalla.com\/fr\/wp-json\/wp\/v2\/posts\/7791","targetHints":{"allow":["GET"]}}],"collection":[{"href":"https:\/\/cafesbatalla.com\/fr\/wp-json\/wp\/v2\/posts"}],"about":[{"href":"https:\/\/cafesbatalla.com\/fr\/wp-json\/wp\/v2\/types\/post"}],"author":[{"embeddable":true,"href":"https:\/\/cafesbatalla.com\/fr\/wp-json\/wp\/v2\/users\/3"}],"replies":[{"embeddable":true,"href":"https:\/\/cafesbatalla.com\/fr\/wp-json\/wp\/v2\/comments?post=7791"}],"version-history":[{"count":0,"href":"https:\/\/cafesbatalla.com\/fr\/wp-json\/wp\/v2\/posts\/7791\/revisions"}],"wp:featuredmedia":[{"embeddable":true,"href":"https:\/\/cafesbatalla.com\/fr\/wp-json\/wp\/v2\/media\/7787"}],"wp:attachment":[{"href":"https:\/\/cafesbatalla.com\/fr\/wp-json\/wp\/v2\/media?parent=7791"}],"wp:term":[{"taxonomy":"category","embeddable":true,"href":"https:\/\/cafesbatalla.com\/fr\/wp-json\/wp\/v2\/categories?post=7791"},{"taxonomy":"post_tag","embeddable":true,"href":"https:\/\/cafesbatalla.com\/fr\/wp-json\/wp\/v2\/tags?post=7791"}],"curies":[{"name":"wp","href":"https:\/\/api.w.org\/{rel}","templated":true}]}}