{"id":7549,"date":"2025-01-28T12:13:17","date_gmt":"2025-01-28T11:13:17","guid":{"rendered":"https:\/\/cafesbatalla.com\/?p=7549"},"modified":"2025-09-18T12:16:51","modified_gmt":"2025-09-18T10:16:51","slug":"les-cafes-se-battent-a-lleida","status":"publish","type":"post","link":"https:\/\/cafesbatalla.com\/fr\/cafes-batalla-con-down-lleida\/","title":{"rendered":"Caf\u00e8s Batalla avec duvet Lleida"},"content":{"rendered":"<p class=\"p1\"><b>Caf\u00e9s Batalla<\/b> participera, pour une nouvelle ann\u00e9e, \u00e0 la <b>XIVe Conf\u00e9rence technique de Down Lleida <\/b>qui se tiendra le 15 f\u00e9vrier dans l'auditorium du Centre des cultures et de la coop\u00e9ration transfrontali\u00e8re de l'Universit\u00e9 de Lleida (Campus de Cappont).<\/p>\n<p class=\"p1\">Caf\u00e9s Batalla mettra en place un point caf\u00e9 avec deux machines \u00e0 caf\u00e9 \u00e0 la disposition des participants \u00e0 la journ\u00e9e.<\/p>\n<p class=\"p1\">La journ\u00e9e est structur\u00e9e en deux grands blocs de d\u00e9bat et de r\u00e9flexion.<\/p>\n<p class=\"p1\">La conf\u00e9rence, qui a pour th\u00e8me \"30 ans d'\u00e9ducation inclusive, pr\u00e9sent et futur\", devrait permettre de donner de la visibilit\u00e9 et de parler de l'\u00e9ducation des personnes ayant des capacit\u00e9s diff\u00e9rentes et de r\u00e9fl\u00e9chir \u00e0 la n\u00e9cessit\u00e9 de comprendre que l'\u00e9ducation est inclusive ou qu'elle n'est pas l'\u00e9ducation.<\/p>\n<p class=\"p1\">Le <b>XIVe Conf\u00e9rence technique de Down Lleida<\/b> est organis\u00e9 par Down Lleida avec la collaboration de l'Universit\u00e9 de Lleida et le soutien de Caf\u00e9s Batalla.<\/p>\n<p class=\"p1\">Toute l'\u00e9quipe de <strong>Caf\u00e9s Batalla<\/strong>dans le <strong>75e anniversaire<\/strong> Nous sommes fiers de participer \u00e0 des \u00e9v\u00e9nements caritatifs comme celui-ci et nous remercions Down Lleida pour la confiance qu'ils ont plac\u00e9e dans notre entreprise. Comptez sur nous !<\/p>\n<p class=\"p1\">Plus d'informations \u00e0 l'adresse suivante <a href=\"https:\/\/downlleida.org\/\" target=\"_blank\" rel=\"noopener\">www.downlleida.org<\/a><\/p>\n<p>&nbsp;<\/p>\n<figure id=\"attachment_7569\" aria-describedby=\"caption-attachment-7569\" style=\"width: 1080px\" class=\"wp-caption alignnone\"><img fetchpriority=\"high\" decoding=\"async\" class=\"wp-image-7569 size-full\" src=\"https:\/\/cafesbatalla.com\/wp-content\/uploads\/Programa-XIV-Jornada-Tecnica.web2_.jpg\" alt=\"Caf\u00e8s Batalla amb Down LLeida\" width=\"1080\" height=\"1350\" srcset=\"https:\/\/cafesbatalla.com\/wp-content\/uploads\/Programa-XIV-Jornada-Tecnica.web2_.jpg 1080w, https:\/\/cafesbatalla.com\/wp-content\/uploads\/Programa-XIV-Jornada-Tecnica.web2_-768x960.jpg 768w, https:\/\/cafesbatalla.com\/wp-content\/uploads\/Programa-XIV-Jornada-Tecnica.web2_-32x40.jpg 32w, https:\/\/cafesbatalla.com\/wp-content\/uploads\/Programa-XIV-Jornada-Tecnica.web2_-48x60.jpg 48w, https:\/\/cafesbatalla.com\/wp-content\/uploads\/Programa-XIV-Jornada-Tecnica.web2_-64x80.jpg 64w\" sizes=\"(max-width: 1080px) 100vw, 1080px\" \/><figcaption id=\"caption-attachment-7569\" class=\"wp-caption-text\">XIVe Conf\u00e9rence technique de Down Lleida<\/figcaption><\/figure>","protected":false},"excerpt":{"rendered":"<p>Caf\u00e9s Batalla participar\u00e1, un a\u00f1o m\u00e1s, en la XIV Jornada T\u00e9cnica Down Lleida que se celebrar\u00e1 el pr\u00f3ximo 15 de febrero en el Auditorio del Centro de Culturas y Cooperaci\u00f3n Transfronteriza de la Universitat de Lleida (Campus Cappont). Caf\u00e9s Batalla instalar\u00e1 un punto de caf\u00e9 con dos cafeteras a disposici\u00f3n de los participantes de la [&hellip;]<\/p>\n","protected":false},"author":3,"featured_media":7566,"comment_status":"closed","ping_status":"closed","sticky":false,"template":"","format":"standard","meta":{"footnotes":""},"categories":[353],"tags":[196,200,199],"class_list":["post-7549","post","type-post","status-publish","format-standard","has-post-thumbnail","hentry","category-noves-noticies","tag-down-lleida","tag-responsabilidad-social-corporativa","tag-solidaridad"],"_links":{"self":[{"href":"https:\/\/cafesbatalla.com\/fr\/wp-json\/wp\/v2\/posts\/7549","targetHints":{"allow":["GET"]}}],"collection":[{"href":"https:\/\/cafesbatalla.com\/fr\/wp-json\/wp\/v2\/posts"}],"about":[{"href":"https:\/\/cafesbatalla.com\/fr\/wp-json\/wp\/v2\/types\/post"}],"author":[{"embeddable":true,"href":"https:\/\/cafesbatalla.com\/fr\/wp-json\/wp\/v2\/users\/3"}],"replies":[{"embeddable":true,"href":"https:\/\/cafesbatalla.com\/fr\/wp-json\/wp\/v2\/comments?post=7549"}],"version-history":[{"count":0,"href":"https:\/\/cafesbatalla.com\/fr\/wp-json\/wp\/v2\/posts\/7549\/revisions"}],"wp:featuredmedia":[{"embeddable":true,"href":"https:\/\/cafesbatalla.com\/fr\/wp-json\/wp\/v2\/media\/7566"}],"wp:attachment":[{"href":"https:\/\/cafesbatalla.com\/fr\/wp-json\/wp\/v2\/media?parent=7549"}],"wp:term":[{"taxonomy":"category","embeddable":true,"href":"https:\/\/cafesbatalla.com\/fr\/wp-json\/wp\/v2\/categories?post=7549"},{"taxonomy":"post_tag","embeddable":true,"href":"https:\/\/cafesbatalla.com\/fr\/wp-json\/wp\/v2\/tags?post=7549"}],"curies":[{"name":"wp","href":"https:\/\/api.w.org\/{rel}","templated":true}]}}