{"id":5842,"date":"2024-04-10T13:19:39","date_gmt":"2024-04-10T11:19:39","guid":{"rendered":"https:\/\/cafesbatalla.com\/?p=5842"},"modified":"2025-09-18T12:17:03","modified_gmt":"2025-09-18T10:17:03","slug":"saps-que-la-regio-on-es-cultiva-influeix-al-cafe","status":"publish","type":"post","link":"https:\/\/cafesbatalla.com\/ca\/saps-que-la-regio-on-es-cultiva-influeix-al-cafe\/","title":{"rendered":"Saps que la regi\u00f3 on es cultiva, influeix al caf\u00e8?"},"content":{"rendered":"<p>El cafet es cultiva a la zona tropical gr\u00e0cies a les condicions clim\u00e0tiques \u00f2ptimes, com ara la humitat i l&#039;altitud.<\/p>\r\n<p>El cafeto Ar\u00e1bica \u00e9s m\u00e9s delicat en el seu cultiu i no s&#039;adapta tan b\u00e9 als canvis, per\u00f2 d\u00f3na grans de m\u00e9s qualitat.<\/p>\r\n<p>El cafeto Robusta \u00e9s una planta m\u00e9s resistent i menys exigent a l&#039;hora de les condicions de cultiu. Aix\u00ed, \u00e9s un cultiu que rendeix m\u00e9s, ja que pot ser cultivat en terrenys plans, cosa que augmenta la quantitat de plantes per superf\u00edcie.<\/p>\r\n<p>Les condicions h\u00eddriques tamb\u00e9 s\u00f3n importants, l&#039;ideal \u00e9s que el terreny on es cultivi tingui una temporada de pluges molt marcada que obligui les plantes a florir.\u00a0<\/p>\r\n<p>A m\u00e9s, cal tenir en compte l&#039;altitud. Mentre que el caf\u00e8 Ar\u00e0biga se sol cultivar en al\u00e7ades entre els 800 i 2.100 metres, el caf\u00e8 Robusta en t\u00e9 prou amb altituds d&#039;entre 500 i 1.200 m.\u00a0<\/p>\r\n<p>Els cafets que creixen a m\u00e9s altura tenen un proc\u00e9s de maduraci\u00f3 m\u00e9s lent per les baixes temperatures i, es considera que produeixen grans de m\u00e9s qualitat.<\/p>\r\n<h3><i>Les condicions climatol\u00f2giques condicionen la varietat de cafeto que es pot cultivar<\/i><\/h3>\r\n<p>El volum de producci\u00f3 cafetera al m\u00f3n es concentra en:<\/p>\r\n<ul>\r\n<li>Brasil, amb un ter\u00e7 de la producci\u00f3 mundial<br \/><br \/><\/li>\r\n<li>Vietnam, el gran desconegut<br \/><br \/><\/li>\r\n<li>Col\u00f2mbia, reconegut pels seus caf\u00e8s de gran qualitat<br \/><br \/><\/li>\r\n<li>Indon\u00e8sia, el caf\u00e8 m\u00e9s car del m\u00f3n<br \/><br \/><\/li>\r\n<li>Eti\u00f2pia, l&#039;inici<br \/><br \/><\/li>\r\n<li>Hondures, un gran ar\u00e0biga<br \/><br \/><\/li>\r\n<li>\u00cdndia, productor de caf\u00e8 per\u00f2 consum de te<br \/><br \/><\/li>\r\n<li>Uganda, les seves temporades de pluja afavoreixen collites concentrades<br \/><br \/><\/li>\r\n<li>M\u00e8xic, jove productor\u00a0<br \/><br \/><\/li>\r\n<li>Per\u00fa, a m\u00e9s de 1500 metres d&#039;al\u00e7ada<\/li>\r\n<\/ul>","protected":false},"excerpt":{"rendered":"<p>El cafeto se cultiva en la zona tropical gracias a las condiciones clim\u00e1ticas \u00f3ptimas, como la humedad y la altitud. El cafeto Ar\u00e1bica es m\u00e1s delicado en su cultivo y no se adapta tan bien a los cambios, pero da granos de m\u00e1s calidad. El cafeto Robusta es una planta m\u00e1s resistente y menos exigente [&hellip;]<\/p>","protected":false},"author":4,"featured_media":5846,"comment_status":"closed","ping_status":"closed","sticky":false,"template":"","format":"standard","meta":{"footnotes":""},"categories":[353],"tags":[],"class_list":["post-5842","post","type-post","status-publish","format-standard","has-post-thumbnail","hentry","category-noves-noticies"],"_links":{"self":[{"href":"https:\/\/cafesbatalla.com\/ca\/wp-json\/wp\/v2\/posts\/5842","targetHints":{"allow":["GET"]}}],"collection":[{"href":"https:\/\/cafesbatalla.com\/ca\/wp-json\/wp\/v2\/posts"}],"about":[{"href":"https:\/\/cafesbatalla.com\/ca\/wp-json\/wp\/v2\/types\/post"}],"author":[{"embeddable":true,"href":"https:\/\/cafesbatalla.com\/ca\/wp-json\/wp\/v2\/users\/4"}],"replies":[{"embeddable":true,"href":"https:\/\/cafesbatalla.com\/ca\/wp-json\/wp\/v2\/comments?post=5842"}],"version-history":[{"count":0,"href":"https:\/\/cafesbatalla.com\/ca\/wp-json\/wp\/v2\/posts\/5842\/revisions"}],"wp:featuredmedia":[{"embeddable":true,"href":"https:\/\/cafesbatalla.com\/ca\/wp-json\/wp\/v2\/media\/5846"}],"wp:attachment":[{"href":"https:\/\/cafesbatalla.com\/ca\/wp-json\/wp\/v2\/media?parent=5842"}],"wp:term":[{"taxonomy":"category","embeddable":true,"href":"https:\/\/cafesbatalla.com\/ca\/wp-json\/wp\/v2\/categories?post=5842"},{"taxonomy":"post_tag","embeddable":true,"href":"https:\/\/cafesbatalla.com\/ca\/wp-json\/wp\/v2\/tags?post=5842"}],"curies":[{"name":"wp","href":"https:\/\/api.w.org\/{rel}","templated":true}]}}